{"id":9851,"date":"2024-01-30T14:51:56","date_gmt":"2024-01-30T13:51:56","guid":{"rendered":"https:\/\/3bconnectedcom.eu2.copilhost.cloud\/?p=9851"},"modified":"2024-02-01T09:48:39","modified_gmt":"2024-02-01T08:48:39","slug":"coleccion-dameblog-2","status":"publish","type":"post","link":"https:\/\/3bconnected.com\/es\/coleccion-dameblog-2\/","title":{"rendered":"Revestimiento del n\u00facleo"},"content":{"rendered":"<p style=\"text-align: center;\">Aujourd&#8217;hui, j&#8217;aimerais vous parler de <strong>&#8220;Recouvrement d&#8217;\u00c2me&#8221;. \ud83d\udcab<\/strong><\/p>\n<p>J&#8217;aimerais vous inviter \u00e0 explorer les diff\u00e9rentes facettes de votre \u00eatre, \u00e0 gu\u00e9rir les blessures du pass\u00e9 et \u00e0 r\u00e9veiller des parties de vous-m\u00eame qui ont peut-\u00eatre \u00e9t\u00e9 n\u00e9glig\u00e9es.<\/p>\n<p><strong>Te ofrezco un viaje interior hacia una comprensi\u00f3n m\u00e1s profunda de ti mismo.&nbsp;<\/strong><\/p>\n<p><em><span style=\"--tcb-applied-color: rgb(0, 0, 0) !important; color: rgb(0, 0, 0) !important;\">&#8220;Le recouvrement d&#8217;\u00e2me commence quand nous choisissons de gu\u00e9rir ce que nous avons longtemps cach\u00e9.&#8221;<\/span><\/em><span style=\"--tcb-applied-color: rgb(0, 0, 0) !important; color: rgb(0, 0, 0) !important;\">&nbsp;&#8211; Debbie Ford&nbsp;<\/span><\/p>\n<h3 style=\"text-align: center;\"><strong><span style=\"--tcb-applied-color: rgb(224, 178, 65) !important; color: rgb(224, 178, 65) !important;\">\u2722<\/span> <span style=\"--tcb-applied-color: rgb(0, 0, 0) !important; color: rgb(0, 0, 0) !important;\">\u00bfQu\u00e9 es la recuperaci\u00f3n del alma?<\/span><\/strong><\/h3>\n<p style=\"color: rgb(224, 178, 65) !important; --tcb-applied-color: rgb(224, 178, 65) !important;\"><span style=\"--tcb-applied-color: rgb(0, 0, 0) !important; color: rgb(0, 0, 0) !important;\">En primer lugar, debe saber lo que llamamos<\/span><strong>\"alma\"<\/strong>.<\/p>\n<ul>\n<li>El alma es <strong><span style=\"--tcb-applied-color: rgb(224, 178, 65) !important; color: rgb(224, 178, 65) !important;\">nuestra fuente de energ\u00eda vital<\/span><\/strong> qui nous permet d&#8217;\u00e9lever notre conscience.&nbsp;<\/li>\n<\/ul>\n<p><em>Nuestro cuerpo est\u00e1 formado por m\u00e1s de 99% de energ\u00eda e informaci\u00f3n frente a 1% de materia.&nbsp;<\/em><\/p>\n<p><em>(Fuentes: &nbsp;<\/em><em>https:\/\/www.dailymotion.com\/video\/x35uwmx &#8211;&nbsp;<\/em><em>https:\/\/youtu.be\/qTXNqxLRm0Y<\/em><\/p>\n<p><em>https:\/\/fr.resonancescience.org\/about-nassim-haramein )<\/em><\/p>\n<ul>\n<li>Cuando vivimos <strong><span>un choque f\u00edsico, psicol\u00f3gico o emocional,<\/span><\/strong>&nbsp;una parte de nuestra energ\u00eda se nos escapa. Se crea una grieta en nuestro interior y nos roban parte de nuestra energ\u00eda.<\/li>\n<li><strong>Por eso nos sentimos agotados o no podemos seguir adelante con nuestras vidas.&nbsp;<\/strong><\/li>\n<li><strong>Recuperaci\u00f3n del alma<\/strong>&nbsp;es precisamente&nbsp;<strong>la soluci\u00f3n para recuperar esa parte que falta<\/strong><strong>&nbsp;tras un robo de energ\u00eda (alma) o tras un choque recibido o experimentado.<\/strong><\/li>\n<\/ul>\n<p><strong><\/strong><strong><\/strong><\/p>\n<h3 style=\"color: rgb(224, 178, 65) !important; --tcb-applied-color: rgb(224, 178, 65) !important; text-align: center;\"><strong><span style=\"--tcb-applied-color: rgb(224, 178, 65) !important; color: rgb(224, 178, 65) !important;\">\u2722 <\/span><span style=\"--tcb-applied-color: rgb(0, 0, 0) !important; color: rgb(0, 0, 0) !important;\">\u00bfC\u00f3mo perdemos energ\u00eda?<\/span><\/strong><\/h3>\n<ul>\n<li>A lo largo de nuestras experiencias, especialmente las traum\u00e1ticas, es posible que se pierdan ciertas partes de nuestra energ\u00eda o de nuestro equilibrio energ\u00e9tico. <strong>nuestra alma se fragmenta o se desprende.<\/strong><\/li>\n<li>Los momentos dif\u00edciles de la vida pueden dejar <strong>heridas emocionales<\/strong>&nbsp;<strong>y espiritual.<\/strong><\/li>\n<li>Tambi\u00e9n <strong>nuestras opciones vitales<\/strong>Nuestras relaciones y nuestros compromisos pueden alejarnos de nuestra verdadera esencia.<\/li>\n<\/ul>\n<h3 style=\"color: rgb(224, 178, 65) !important; --tcb-applied-color: rgb(224, 178, 65) !important; text-align: center;\"><strong><span style=\"--tcb-applied-color: rgb(224, 178, 65) !important; color: rgb(224, 178, 65) !important;\">\u2722<\/span> <span style=\"--tcb-applied-color: rgb(0, 0, 0) !important; color: rgb(0, 0, 0) !important;\">\u00bfC\u00f3mo se recuperan estos fragmentos de energ\u00eda?<\/span><\/strong><\/h3>\n<p>Empieza por :<\/p>\n<ul>\n<li><strong>Tomar conciencia de las partes de nosotros mismos<\/strong>&nbsp;que nous avons ignor\u00e9es ou n\u00e9glig\u00e9es. C&#8217;est un grand premier pas!<\/li>\n<li>Entonces<strong>&nbsp;reconocer estos fragmentos.<\/strong><\/li>\n<li style=\"\"><strong>Bienvenido<\/strong>&nbsp;estos fragmentos y<strong>&nbsp;reintegrarse en nuestro ser.<\/strong><\/li>\n<\/ul>\n<p tve-u-18d59ea8133\"=\"\" style=\"\" \"=\"\"><strong><\/strong><\/p>\n<h3 style=\"color: rgb(224, 178, 65) !important; --tcb-applied-color: rgb(224, 178, 65) !important; text-align: center;\"><strong><span style=\"--tcb-applied-color: rgb(224, 178, 65) !important; color: rgb(224, 178, 65) !important;\">\u2722<\/span> <span style=\"--tcb-applied-color: rgb(0, 0, 0) !important; color: rgb(0, 0, 0) !important;\">\u00bfC\u00f3mo funciona la recuperaci\u00f3n del alma?<\/span><\/strong><\/h3>\n<ul>\n<li>Es <strong>un proceso de curaci\u00f3n,&nbsp;<\/strong>donde trabajamos en nuestras heridas,&nbsp;<strong>liberando<\/strong>&nbsp;ainsi l&#8217;\u00e9nergie qui \u00e9tait li\u00e9e&nbsp;<strong>al dolor<\/strong>&nbsp;o en&nbsp;<strong>reintegrar esta energ\u00eda perdida o robada.<\/strong><\/li>\n<\/ul>\n<p><strong><\/strong><strong><\/strong><\/p>\n<h3 style=\"color: rgb(224, 178, 65) !important; --tcb-applied-color: rgb(224, 178, 65) !important; text-align: center;\"><strong><span style=\"--tcb-applied-color: rgb(224, 178, 65) !important; color: rgb(224, 178, 65) !important;\">\u2722<\/span> <span style=\"--tcb-applied-color: rgb(0, 0, 0) !important; color: rgb(0, 0, 0) !important;\">\u00bfCu\u00e1l es el resultado?<\/span><\/strong><\/h3>\n<p>Esto nos devuelve a nuestra&nbsp;<strong>verdadera esencia,<\/strong>&nbsp;c&#8217;est \u00e0 dire<strong>&nbsp;<\/strong>:<\/p>\n<ul>\n<li>A&nbsp;<strong>una visi\u00f3n m\u00e1s clara&nbsp;<\/strong>sobre el futuro<\/li>\n<li>Tener&nbsp;<strong>pensamientos<\/strong>&nbsp;mucho m\u00e1s&nbsp;<strong>sano y armonioso<\/strong><\/li>\n<li><strong>Gestionar sus pensamientos<\/strong>&nbsp;et ma\u00eetriser le flux d&#8217;information qui rentre et sort de son corps et de son cerveau<\/li>\n<li><strong>Crear energ\u00eda vital<\/strong>&nbsp;a trav\u00e9s de una energ\u00eda sana<\/li>\n<li>Saber lo que es bueno y lo que no lo es<\/li>\n<li><strong>Se connecter \u00e0 la source d&#8217;\u00e9nergie<\/strong>&nbsp;y tu yo superior<\/li>\n<li>Atraer a<strong>&nbsp;la sant\u00e9, l&#8217;abondance<\/strong><\/li>\n<li><strong>Alinear y equilibrar nuestra polaridad<\/strong><\/li>\n<li style=\"\"><strong>Armon\u00eda social<\/strong>, de couple, d&#8217;amis, de relation autour de nous<\/li>\n<\/ul>\n<p tve-u-18d59ebfbbf\"=\"\" style=\"\" \"=\"\">\n<h2 style=\"text-align: center;\">Pour aller plus loin&#8230;<\/h2>\n<h3 style=\"color: rgb(224, 178, 65) !important; --tcb-applied-color: rgb(224, 178, 65) !important;\"><strong><span style=\"--tcb-applied-color: rgb(224, 178, 65) !important; color: rgb(224, 178, 65) !important;\">\u2722<\/span> <span style=\"--tcb-applied-color: rgb(0, 0, 0) !important; color: rgb(0, 0, 0) !important;\">\u00bfCu\u00e1l es el m\u00e9todo para recuperar estos trozos de energ\u00eda?<\/span><\/strong><\/h3>\n<p><em>J\u2019ai d\u00e9cid\u00e9 de tout vous d\u00e9voiler car mon but c\u2019est votre lib\u00e9ration et d&#8217;acc\u00e9der \u00e0 votre transformation compl\u00e8te.&nbsp;<\/em><\/p>\n<h2 style=\"text-align: center;\"><strong>\u2728&nbsp;<\/strong><strong>M\u00c9TODO SOLO<\/strong><strong>&nbsp;\u2728<\/strong><\/h2>\n<p style=\"text-align: center;\"><strong>(Puede durar entre 1 y 2 a\u00f1os)<\/strong><\/p>\n<p style=\"text-align: center;\">Lo compartir\u00e9 con ustedes a continuaci\u00f3n:<strong>&nbsp;<\/strong><\/p>\n<h4><strong>\u27a4 Profunda introspecci\u00f3n psicoemocional.<\/strong><\/h4>\n<p>Para ello se necesitan varios elementos:<\/p>\n<ul>\n<li><strong><em>1. Tiempo y calma :&nbsp;<\/em><\/strong>Es importante encontrar un momento de tranquilidad en el que puedas concentrarte en tu propia mente sin distracciones externas y empezar a crear una aut\u00e9ntica conexi\u00f3n con ella.<\/li>\n<\/ul>\n<ul>\n<li><strong><em>2. Reflexi\u00f3n :&nbsp;<\/em><\/strong>Prenez le temps de r\u00e9fl\u00e9chir profond\u00e9ment \u00e0 vos pens\u00e9es, \u00e9motions, croyances et comportements. Essayez d&#8217;analyser pourquoi vous pensez ou agissez de certaines fa\u00e7ons et ce que cela signifie pour vous.<\/li>\n<\/ul>\n<ul>\n<li><em><strong>3. Autohonestidad :&nbsp;<\/strong><\/em>S\u00e9 sincero contigo mismo sobre tus puntos fuertes, tus debilidades, tus miedos, tus deseos y tus necesidades. No juzgues tus pensamientos o emociones, sino que intenta comprenderlos para saber c\u00f3mo transformarlos y sanarlos.&nbsp;<\/li>\n<\/ul>\n<ul>\n<li><em><strong>4. Autoobservaci\u00f3n :&nbsp;<\/strong><\/em>Observe c\u00f3mo reacciona en distintas situaciones e identifique los patrones de pensamiento o las reacciones autom\u00e1ticas que podr\u00edan estar influyendo en su bienestar mental.&nbsp;<\/li>\n<\/ul>\n<ul>\n<li><em><strong>5. Escucha interior :&nbsp;<\/strong><\/em>Presta atenci\u00f3n a tus propios sentimientos e intuiciones. Aprende a escuchar tu voz interior y conf\u00eda en tu intuici\u00f3n. Pero primero necesitas reactivar tu intuici\u00f3n, que es emitida por la energ\u00eda sana y no por el flujo de energ\u00eda de baja frecuencia. (No dudes en preguntar c\u00f3mo hacerlo si lo necesitas).&nbsp;<\/li>\n<\/ul>\n<ul>\n<li><em><strong>6. Registro :&nbsp;<\/strong><\/em>Tenir un journal peut \u00eatre utile pour noter vos pens\u00e9es, \u00e9motions, r\u00eaves ou exp\u00e9riences significatives au fur et \u00e0 mesure qu&#8217;elles se produisent. Cela peut vous aider \u00e0 mieux comprendre certains sch\u00e9mas ou th\u00e8mes r\u00e9currents dans votre vie =&gt; Cela vous donnera plus de facilit\u00e9 par la suite pour les transformer.&nbsp;<\/li>\n<\/ul>\n<ul>\n<li><em><strong>7. Apoyo profesional en caso necesario :&nbsp;<\/strong><\/em>Si l&#8217;introspection personnelle soul\u00e8ve des probl\u00e8mes plus profonds ou des difficult\u00e9s auxquelles vous ne pouvez pas faire face seul(e), n&#8217;h\u00e9sitez pas \u00e0 nous consulter pour mieux vous accompagner, vous guider et vous soutenir en fonction de vos disponibilit\u00e9s, moyens et niveaux de conscience.<\/li>\n<\/ul>\n<h4><strong>\u27a4<\/strong> Practicar la meditaci\u00f3n trascendental :<\/h4>\n<p><strong>Meditaci\u00f3n trascendental<\/strong>&nbsp;es una t\u00e9cnica para&nbsp;<strong>relajaci\u00f3n del cuerpo y la mente.<\/strong><\/p>\n<p>Elle se base sur la r\u00e9p\u00e9tition silencieuse d&#8217;<strong>un mantra espec\u00edfico,<\/strong>&nbsp;que es una palabra o sonido sin significado particular.<\/p>\n<p>L&#8217;objectif de la m\u00e9ditation transcendantale est d&#8217;atteindre un \u00e9tat de <strong>conciencia profunda y pac\u00edfica<\/strong>llamado&nbsp;<strong>&#8220;transcendance&#8221;.<\/strong><\/p>\n<p>Pendant cet \u00e9tat, l&#8217;esprit est lib\u00e9r\u00e9 du stress et des pens\u00e9es agit\u00e9es, permettant ainsi une d\u00e9tente profonde et des bienfaits pour le corps et l&#8217;esprit.<\/p>\n<p><strong>Practicar la meditaci\u00f3n trascendental,<\/strong>&nbsp;il est recommand\u00e9 de s&#8217;asseoir confortablement avec les yeux ferm\u00e9s et de r\u00e9p\u00e9ter silencieusement le mantra pendant environs&nbsp;<strong>20 minutos, dos veces al d\u00eda.<\/strong><\/p>\n<p>L&#8217;id\u00e9e est de permettre \u00e0 l&#8217;esprit de se concentrer sur le mantra plut\u00f4t que sur les pens\u00e9es quotidiennes.<\/p>\n<\/p>\n<h4 style=\"text-align: center;\"><strong>\u00a1Despierte su esp\u00edritu con esta sesi\u00f3n gratuita de meditaci\u00f3n guiada para activar la recuperaci\u00f3n del alma!<\/strong><\/h4>\n<h4 style=\"text-align: center;\"><strong>\ud83c\udfa5<\/strong><\/h4>\n<p style=\"text-align: center;\"><strong><em>&#8220;Je vous souhaite une s\u00e9ance lumineuse ! &#8220;<\/em><\/strong> &#8211; Basma<\/p>\n<p><strong>Numerosos estudios cient\u00edficos<\/strong>&nbsp;ont \u00e9t\u00e9 men\u00e9es sur les effets de la m\u00e9ditation transcendantale aujourd\u2019hui et ont montr\u00e9 qu&#8217;elle pouvait&nbsp;<strong>reducir el estr\u00e9s, mejorar la salud mental, potenciar la creatividad y mejorar el rendimiento cognitivo.<\/strong><\/p>\n<p>&nbsp;No obstante, cabe se\u00f1alar que <strong>meditaci\u00f3n trascendental<\/strong>&nbsp;puede requerir&nbsp;<strong>une formation aupr\u00e8s d&#8217;un enseignant agr\u00e9\u00e9&nbsp;<\/strong>aprender la t\u00e9cnica correctamente si es necesario.<\/p>\n<\/p>\n<h2 style=\"text-align: center;\"><strong>\u2728&nbsp;<\/strong><strong>M\u00c9TODO JUNTOS<\/strong><strong>&nbsp;<\/strong><strong>\u2728<\/strong><\/h2>\n<p style=\"text-align: center;\">(asistencia completa durante 2-3 meses)<\/p>\n<p><strong>Ayuda&nbsp;<\/strong>se basa en&nbsp;<strong>orientaci\u00f3n personalizada<\/strong>&nbsp;seg\u00fan sus necesidades&nbsp;<strong>directamente conmigo.<\/strong><\/p>\n<p>J&#8217;ai la capacit\u00e9 de&nbsp;<strong>conectame con tu alma<\/strong>&nbsp;y proporcionarle r\u00e1pidamente las respuestas que necesita y las herramientas necesarias para alcanzar la liberaci\u00f3n y la libertad.&nbsp;<strong>la manifestaci\u00f3n de tu transformaci\u00f3n.<\/strong><\/p>\n<p style=\"text-align: center;\">En privado o en grupo.<\/p>\n<p style=\"text-align: center;\">En l\u00ednea o cara a cara.<\/p>\n<p style=\"text-align: center;\">O una combinaci\u00f3n de ambos.<\/p>\n<p style=\"text-align: center;\"><strong>Descubra el m\u00e9todo <em>3conectado<\/em>&nbsp;que j&#8217;ai d\u00e9velopp\u00e9 pour vous.<\/strong><\/p>\n<p style=\"text-align: center;\"><strong>Te acompa\u00f1ar\u00e9 y te ayudar\u00e9 a revelar y a convertirte en<\/strong><\/p>\n<p style=\"text-align: center;\"><strong><span style=\"text-transform: uppercase !important;\">l&#8217;\u00eatre unique que vous \u00caTES<\/span>!<\/strong><\/p>\n<h3 style=\"text-align: center;\"><strong><span style=\"--tcb-applied-color: rgb(224, 178, 65) !important; color: rgb(224, 178, 65) !important;\">\u2722<\/span> <span style=\"--tcb-applied-color: rgb(0, 0, 0) !important; color: rgb(0, 0, 0) !important;\">\u00bfCu\u00e1les son las ventajas?<\/span><\/strong><\/h3>\n<p>Al recuperar estas partes perdidas de<strong>&nbsp;nuestra energ\u00eda,<\/strong>&nbsp;podemos sentir :<\/p>\n<ul>\n<li><strong>Renovaci\u00f3n<\/strong><\/li>\n<li><strong>Mayor vitalidad<\/strong><\/li>\n<li><strong>Una conexi\u00f3n m\u00e1s profunda con nuestro yo interior<\/strong><\/li>\n<li><strong>Gu\u00e9rir les blessures de l&#8217;\u00e2me<\/strong><\/li>\n<li><strong>Activer l&#8217;abondance<\/strong><\/li>\n<li><strong>Sensaci\u00f3n de plenitud<\/strong><\/li>\n<li><strong>Desprogramaci\u00f3n de bloqueos inconscientes<\/strong><\/li>\n<li><strong>Reprogramaci\u00f3n mental<\/strong><\/li>\n<li><strong>Atteindre l&#8217;\u00e9quilibre et l&#8217;harmonie dans vos \u00e9motions<\/strong><\/li>\n<li><strong>Recupere la confianza en s\u00ed mismo<\/strong><\/li>\n<li><strong>Activa tu fuerza y poder interiores<\/strong><\/li>\n<li><strong>Elimina las cosas que te hacen sentir solo y sufrir<\/strong><\/li>\n<\/ul>\n<p><strong><\/strong><\/p>\n<p><strong><\/strong><\/p>\n<h3 style=\"text-align: center;\"><strong><span style=\"--tcb-applied-color: rgb(224, 178, 65) !important; color: rgb(224, 178, 65) !important;\">\u2722 <\/span><span style=\"--tcb-applied-color: rgb(0, 0, 0) !important; color: rgb(0, 0, 0) !important;\">Testimonios :<\/span><\/strong><\/h3>\n<p style=\"font-size: var(--tve-font-size, 14px);\">\"<\/p>\n<p style=\"font-size: var(--tve-font-size, 14px);\"><em>Ce programme m&#8217;a permis de me retrouver, de devenir forte. Basma m&#8217;a fait grandir<strong><\/strong>, voir des choses que je ne voyais pas, comme savoir qu&#8217;on peut cr\u00e9er et transformer notre vie. J&#8217;ai v\u00e9cu la plus grande transformation de ma vie. Merci Basma pour tout ce que tu m&#8217;as appris!<\/em><\/p>\n<p>Silva<\/p>\n<p>Chef d&#8217;entreprise<\/p>\n<p style=\"font-size: var(--tve-font-size, 14px);\">\"<\/p>\n<p style=\"font-size: var(--tve-font-size, 14px);\"><em><em>Basma, je te remercie du fond du coeur pour ton accompagnement, tu m&#8217;as fait d\u00e9couvrir des facettes de moi-m\u00eame qui m&#8217;\u00e9taient m\u00e9connaissables ce qui ressemblait \u00e0 une renaissance pour moi. D\u00e9sormais je peux dire \u00e0 haute voix &#8220;Bonjour la vie&#8221; et que je m&#8217;aime<\/em><\/em><\/p>\n<p style=\"\">Nicole<\/p>\n<p style=\"\">Consultor inform\u00e1tico<\/p>\n<p style=\"font-size: var(--tve-font-size, 14px);\">\"<\/p>\n<p style=\"font-size: var(--tve-font-size, 14px);\"><strong><em>Con Basma no hay trampas, va directamente al origen de los problemas. Me ha cambiado la vida. Muchas gracias por su generosidad.<\/em><\/strong><\/p>\n<p style=\"\">Nour<\/p>\n<p style=\"\">marketing<\/p>\n<p style=\"font-size: var(--tve-font-size, 14px);\">\"<\/p>\n<p style=\"font-size: var(--tve-font-size, 14px);\"><strong><em>J&#8217;\u00e9tais dans une phase de brouillard o\u00f9 je subissais ma vie avec une estime de moi tr\u00e8s basse, j&#8217;\u00e9tais coinc\u00e9e et perdue. Gr\u00e2ce au programme de Basma, les gens m&#8217;ont vu transformer, plus \u00e9panouie, plus patiente, plus rayonnante. Pour moi l&#8217;accompagnement de Basma a \u00e9t\u00e9 une r\u00e9v\u00e9lation &#8220;qu&#8217;on attire \u00e0 soi ce qu&#8217;on est&#8221;, je suis pass\u00e9e de victime \u00e0 ma\u00eetre de ma vie.<\/em><\/strong><\/p>\n<p>Marie<\/p>\n<p>DESIgner<\/p>\n<p style=\"text-align: center;\"><strong>Si quieres ir m\u00e1s lejos, m\u00e1s r\u00e1pido<\/strong><strong>&nbsp;sur votre chemin d&#8217;\u00e9veil et de gu\u00e9rison,&nbsp;<\/strong><\/p>\n<p style=\"text-align: center;\"><strong><\/strong><strong>p\u00f3ngase en contacto con nosotros directamente por correo :<em> <a href=\"mailto:contact@3bconnected.com\" rel=\"noopener\" target=\"_blank\" style=\"outline: none;\"><span style=\"text-decoration: underline;\">contact@3bconnected.com<\/span><\/a><\/em><\/strong><\/p>\n<p style=\"text-align: center;\"><strong><em>o rellene el siguiente formulario de contacto:<\/em><\/strong><\/p>\n<p style=\"text-align: center;\"><strong>O concierta ahora una cita con Basma :<\/strong><\/p>\n<p>[tcb-script src=&#8221;https:\/\/assets.tidycal.com\/js\/embed.js&#8221; async=&#8221;&#8221;][\/tcb-script]<\/p>\n<p style=\"text-align: center;\"><em>\u00danase a nosotros en esta b\u00fasqueda espiritual.<\/em><\/p>\n<p style=\"text-align: center;\"><em>S\u00edganos en las redes sociales y comparta sus propias experiencias con el hashtag #recouvrementdame<\/em><\/p>\n<p><a href=\"\" target=\"_blank\" rel=\"nofollow noopener\" data-dynamic-link=\"thrive_global_fields_url\" data-shortcode-id=\"ig\" data-id=\"icon-instagram\"><span>                     <\/span><\/a><a href=\"\" target=\"_blank\" rel=\"nofollow noopener\" data-dynamic-link=\"thrive_global_fields_url\" data-shortcode-id=\"fb\" data-id=\"icon-facebook\"><span>                     <\/span><\/a><span style=\"\"><img decoding=\"async\" alt=\"\" data-id=\"9499\" width=\"182\" data-init-width=\"924\" height=\"227\" data-init-height=\"1149\" title=\"IMG_9960\" loading=\"lazy\" src=\"http:\/\/3bconnected.com\/wp-content\/uploads\/2023\/11\/IMG_9960.jpg\" data-width=\"182\" data-height=\"227\" style=\"aspect-ratio: auto 924 \/ 1149;\" mt-d=\"0\" ml-d=\"-1.7659999999999911\"><\/span><\/p>\n<p><strong>Brillantemente,<\/strong><\/p>\n<p>\u2728<strong><span style=\"font-family: inherit;\">Basma<\/span><\/strong>\u2728<\/p>","protected":false},"excerpt":{"rendered":"<p>Aujourd&#8217;hui, j&#8217;aimerais vous parler de &#8220;Recouvrement d&#8217;\u00c2me&#8221;. \ud83d\udcab J&#8217;aimerais vous inviter \u00e0 explorer les diff\u00e9rentes facettes de votre \u00eatre, \u00e0 gu\u00e9rir les blessures du pass\u00e9 et \u00e0 r\u00e9veiller des parties de vous-m\u00eame qui ont peut-\u00eatre \u00e9t\u00e9 n\u00e9glig\u00e9es. Je vous propose un voyage int\u00e9rieur vers la compr\u00e9hension profonde de soi.&nbsp; &#8220;Le recouvrement d&#8217;\u00e2me commence quand nous [&hellip;]<\/p>","protected":false},"author":145,"featured_media":9849,"comment_status":"open","ping_status":"open","sticky":false,"template":"","format":"standard","meta":{"footnotes":""},"categories":[127],"tags":[],"class_list":["post-9851","post","type-post","status-publish","format-standard","has-post-thumbnail","hentry","category-hypnose-et-therapie","post-wrapper","thrv_wrapper"],"_links":{"self":[{"href":"https:\/\/3bconnected.com\/es\/wp-json\/wp\/v2\/posts\/9851","targetHints":{"allow":["GET"]}}],"collection":[{"href":"https:\/\/3bconnected.com\/es\/wp-json\/wp\/v2\/posts"}],"about":[{"href":"https:\/\/3bconnected.com\/es\/wp-json\/wp\/v2\/types\/post"}],"author":[{"embeddable":true,"href":"https:\/\/3bconnected.com\/es\/wp-json\/wp\/v2\/users\/145"}],"replies":[{"embeddable":true,"href":"https:\/\/3bconnected.com\/es\/wp-json\/wp\/v2\/comments?post=9851"}],"version-history":[{"count":5,"href":"https:\/\/3bconnected.com\/es\/wp-json\/wp\/v2\/posts\/9851\/revisions"}],"predecessor-version":[{"id":9940,"href":"https:\/\/3bconnected.com\/es\/wp-json\/wp\/v2\/posts\/9851\/revisions\/9940"}],"wp:featuredmedia":[{"embeddable":true,"href":"https:\/\/3bconnected.com\/es\/wp-json\/wp\/v2\/media\/9849"}],"wp:attachment":[{"href":"https:\/\/3bconnected.com\/es\/wp-json\/wp\/v2\/media?parent=9851"}],"wp:term":[{"taxonomy":"category","embeddable":true,"href":"https:\/\/3bconnected.com\/es\/wp-json\/wp\/v2\/categories?post=9851"},{"taxonomy":"post_tag","embeddable":true,"href":"https:\/\/3bconnected.com\/es\/wp-json\/wp\/v2\/tags?post=9851"}],"curies":[{"name":"wp","href":"https:\/\/api.w.org\/{rel}","templated":true}]}}