{"id":10356,"date":"2024-05-07T10:29:00","date_gmt":"2024-05-07T08:29:00","guid":{"rendered":"https:\/\/3bconnectedcom.eu2.copilhost.cloud\/?p=10356"},"modified":"2024-06-04T11:58:11","modified_gmt":"2024-06-04T09:58:11","slug":"linstant-presenta-una-guia-para-una-vida-menos-estresante","status":"publish","type":"post","link":"https:\/\/3bconnected.com\/es\/linstant-presenta-una-guia-para-una-vida-menos-estresante\/","title":{"rendered":"El momento presente: gu\u00eda para una vida menos estresante"},"content":{"rendered":"<h2>L&#8217;Instant Pr\u00e9sent : vers une vie moins stressante&nbsp;<\/h2>\n<p>Pero \u00bfpor qu\u00e9 nos aburre tanto <strong>&#8220;l&#8217;instant pr\u00e9sent&#8221;<\/strong> ?&nbsp;<\/p>\n<p>Tous simplement parce qu&#8217;il a quelque chose d&#8217;incroyable \u00e0 nous offrir comme: <em>le l\u00e2cher prise, la joie, la lib\u00e9ration de l&#8217;esprit, l&#8217;expressivit\u00e9, etc.<\/em><\/p>\n<p><strong>C&#8217;est un anti-stress naturel!<\/strong><\/p>\n<p>Practic\u00e1ndolo, puedes <strong>reducir instant\u00e1neamente el estr\u00e9s,<\/strong> son \u00e9tat anxieux, ses pr\u00e9occupations quotidiennes et bien plus encore. C&#8217;est une pratique \u00e0 adopter chaque jour pour apprivoiser <strong>son cerveau \u00e0 prendre le recul n\u00e9cessaire et prendre le temps d&#8217;\u00e9couter son coeur <strong>\u2665\ufe0e<\/strong>.<\/strong><\/p>\n<p>Les enfants naturellement vivent l&#8217;instant pr\u00e9sent, c&#8217;est cette \u00e9nergie insouciante qui les font ne pas se pr\u00e9occuper de l&#8217;avant ou de l&#8217;apr\u00e8s&#8230;<\/p>\n<h4>\ud83e\udde0 Nuestro todopoderoso cerebro<\/h4>\n<p>Nuestro cerebro est\u00e1 formado por <em>a grandes rasgos<\/em> en dos zonas:<\/p>\n<ul>\n<li>la partie post\u00e9rieure dit de &#8220;survie&#8221; ou <strong>reptil<\/strong><\/li>\n<li>la partie ant\u00e9rieure dit &#8220;universelle&#8221; ou <strong>c\u00f3rtex prefrontal<\/strong><\/li>\n<\/ul>\n<h5>Cerebro reptiliano<\/h5>\n<p>C&#8217;est la partie la plus primitive du cerveau, elle est associ\u00e9e \u00e0 des fonctions essentielles \u00e0 la survie et au comportement instinctif.<\/p>\n<p>Son r\u00f4le est de d\u00e9tecter les signaux de danger et d&#8217;activer les r\u00e9ponses corporelles automatiques associ\u00e9es au stress, telles que l&#8217;acc\u00e9l\u00e9ration du rythme cardiaque, la respiration rapide, la tension musculaire et la lib\u00e9ration d&#8217;\u00e9nergie suppl\u00e9mentaire.<\/p>\n<\/p>\n<h5>Corteza prefrontal<\/h5>\n<p>C&#8217;est la partie la plus \u00e9volu\u00e9e du cerveau humain et elle est fortement impliqu\u00e9e dans des fonctions cognitives sup\u00e9rieures, y compris le contr\u00f4le des \u00e9motions, la prise de d\u00e9cision, la planification, la m\u00e9moire de travail et la r\u00e9gulation du comportement social.<\/p>\n<p>Son r\u00f4le est crucial dans le contr\u00f4le cognitif, \u00e9motionnel et comportemental avanc\u00e9, en int\u00e9grant des informations provenant de diff\u00e9rentes parties du cerveau et en coordonnant des r\u00e9ponses adaptatives aux exigences changeantes de l&#8217;environnement. Son d\u00e9veloppement et son bon fonctionnement sont essentiels pour un comportement humain complexe et adaptatif.<\/p>\n<p>Quand on d\u00e9couvre ses 2 fonctions principales, on r\u00e9alise que l&#8217;on utilise notre partie &#8220;survie&#8221; d\u00e9raisonnablement. Les dangers ressentis sont disproportionn\u00e9s face \u00e0 la r\u00e9alit\u00e9, notre survie n&#8217;est pas en cause !<\/p>\n<p>Nuestro cerebro env\u00eda se\u00f1ales equivocadas.<\/p>\n<h4>Estr\u00e9s: contaminaci\u00f3n mental<\/h4>\n<p>Le stress est comparable \u00e0 une pollution mentale dans notre vie car il perturbe l&#8217;\u00e9quilibre \u00e9motionnel, affecte le fonctionnement cognitif, interrompt les relations interpersonnelles, compromet la sant\u00e9 physique et r\u00e9duit la qualit\u00e9 de vie globale. Comme la pollution environnementale, le stress doit \u00eatre g\u00e9r\u00e9 et att\u00e9nu\u00e9 pour promouvoir la sant\u00e9 mentale et le bien-\u00eatre g\u00e9n\u00e9ral.&nbsp;<\/p>\n<p><span style=\"\"><img decoding=\"async\" alt=\"\" data-id=\"10375\" width=\"390\" data-init-width=\"500\" height=\"390\" data-init-height=\"500\" title=\"contaminaci\u00f3n mental2\" loading=\"lazy\" src=\"http:\/\/3bconnected.com\/wp-content\/uploads\/2024\/04\/polutionMentale2.png\" data-width=\"390\" data-height=\"390\" style=\"aspect-ratio: auto 500 \/ 500;\" mt-d=\"0\" ml-d=\"-74\" center-v-d=\"false\" center-h-d=\"true\"><\/span><\/p>\n<h4><strong>Qu&#8217;est ce qui se cache derri\u00e8re ce stress ?<\/strong><\/h4>\n<p>La racine du stress vient en grande partie d&#8217;&nbsp;<strong>una falta de seguridad, una falta de confianza.<\/strong><\/p>\n<p><strong>L&#8217;humain a besoin de garantie et donc de contr\u00f4le.<\/strong> L&#8217;inconnu peut le terroriser facilement et il aura donc tendance \u00e0 ne pas prendre de risque.<\/p>\n<p>Notre soci\u00e9t\u00e9 l&#8217;a bien compris car elle cherche \u00e0 tout prix \u00e0 nous rassurer et elle va m\u00eame jusqu&#8217;\u00e0 jouer sur nos peurs pour mieux nous contr\u00f4ler et ainsi nous \u00e9loigner de notre v\u00e9ritable essence et donc de notre mission de vie.<\/p>\n<p><span><img decoding=\"async\" alt=\"\" data-id=\"10371\" width=\"54\" data-init-width=\"622\" height=\"56\" data-init-height=\"648\" title=\"Vibraci\u00f3nEnerg\u00eda7\" loading=\"lazy\" src=\"http:\/\/3bconnected.com\/wp-content\/uploads\/2024\/04\/VibrationEnergy7-scaled-e1712932613214.jpg\" data-width=\"54\" data-height=\"56\" style=\"aspect-ratio: auto 622 \/ 648;\"><\/span><\/p>\n<p style=\"text-align: center;\"><strong>Verdadera esencia = Misi\u00f3n vital<\/strong><\/p>\n<h4>Les m\u00e9thodes pour att\u00e9nuer ce stress et \u00eatre dans l&#8217;instant pr\u00e9sent?<\/h4>\n<ul>\n<li><em><strong>Meditaci\u00f3n, yoga, danza o ba\u00f1os de sonido<\/strong><\/em> puede estimular r\u00e1pidamente el cerebro hacia una sensaci\u00f3n de seguridad.<\/li>\n<li><em><strong>Canta con nosotros.<\/strong><\/em> No podr\u00e1s pensar m\u00e1s, \u00a1y ser\u00e1s libre en un abrir y cerrar de ojos!&nbsp;<\/li>\n<li><em><strong>Eleva tu vibraci\u00f3n energ\u00e9tica<\/strong><\/em><\/li>\n<\/ul>\n<p><span><img decoding=\"async\" alt=\"\" data-id=\"10369\" width=\"650\" data-init-width=\"1152\" height=\"272\" data-init-height=\"482\" title=\"Vibraci\u00f3nEnerg\u00eda2\" loading=\"lazy\" src=\"http:\/\/3bconnected.com\/wp-content\/uploads\/2024\/04\/VibrationEnergy2-scaled-e1712932460813.jpg\" data-width=\"650\" data-height=\"272\" style=\"aspect-ratio: auto 1152 \/ 482;\"><\/span><\/p>\n<h5><\/h5>\n<h5 style=\"text-align: center;\">C\u00f3mo elevar tu vibraci\u00f3n: mi m\u00e9todo<\/h5>\n<ul>\n<li>Practicar afirmaciones positivas<\/li>\n<li>Pratiquez la gratitude (je vous propose mon journal de gratitude pour mettre en pratique des exercices au quotidien et l&#8217;ancrer en vous)<\/li>\n<li>Escribe todo lo que va bien en tu vida<\/li>\n<li>Pasar tiempo con los seres queridos<\/li>\n<li>Paseo por la naturaleza<\/li>\n<li>Admire su entorno<\/li>\n<li>Ve una pel\u00edcula que te provoque emociones positivas<\/li>\n<li>Escucha m\u00fasica que te ponga de buen humor<\/li>\n<li>Canta, baila, salta, g\u00edrate<\/li>\n<li>Meditando (encuentra mis meditaciones online)<\/li>\n<\/ul>\n<p style=\"text-align: center;\">Si vous souhaitez aller plus loin, si vous sentez le besoin d&#8217;\u00eatre accompagn\u00e9(e), prenons un premier rendez-vous ensemble.&nbsp;<\/p>\n<p style=\"text-align: center;\">Je vous aiderai \u00e0 comprendre l&#8217;origine de votre stress et comment faire pour l&#8217;att\u00e9nuer et vivre votre vie dans la joie, l&#8217;amour et l&#8217;accomplissement.<\/p>\n<p style=\"text-align: center;\">Brillantemente,<\/p>\n<p style=\"text-align: center;\">Basma<\/p>\n<p><span style=\"\"><img decoding=\"async\" alt=\"\" data-id=\"10091\" width=\"315\" data-init-width=\"924\" height=\"315\" data-init-height=\"924\" title=\"Compa\u00f1ero2\" loading=\"lazy\" src=\"http:\/\/3bconnected.com\/wp-content\/uploads\/2024\/02\/Accompagnatrice2.png\" data-width=\"315\" data-height=\"315\" style=\"aspect-ratio: auto 924 \/ 924;\" mt-d=\"-165\" ml-d=\"0\" center-v-d=\"false\"><\/span><\/p>","protected":false},"excerpt":{"rendered":"<p>L&#8217;Instant Pr\u00e9sent : vers une vie moins stressante&nbsp; Mais pourquoi nous bassine t-on autant avec &#8220;l&#8217;instant pr\u00e9sent&#8221; ?&nbsp; Tous simplement parce qu&#8217;il a quelque chose d&#8217;incroyable \u00e0 nous offrir comme: le l\u00e2cher prise, la joie, la lib\u00e9ration de l&#8217;esprit, l&#8217;expressivit\u00e9, etc. C&#8217;est un anti-stress naturel! En le pratiquant, on peut faire baisser instantan\u00e9ment son stress, [&hellip;]<\/p>","protected":false},"author":145,"featured_media":10360,"comment_status":"open","ping_status":"open","sticky":false,"template":"","format":"standard","meta":{"footnotes":""},"categories":[141],"tags":[],"class_list":["post-10356","post","type-post","status-publish","format-standard","has-post-thumbnail","hentry","category-conscience-de-soi","post-wrapper","thrv_wrapper"],"_links":{"self":[{"href":"https:\/\/3bconnected.com\/es\/wp-json\/wp\/v2\/posts\/10356","targetHints":{"allow":["GET"]}}],"collection":[{"href":"https:\/\/3bconnected.com\/es\/wp-json\/wp\/v2\/posts"}],"about":[{"href":"https:\/\/3bconnected.com\/es\/wp-json\/wp\/v2\/types\/post"}],"author":[{"embeddable":true,"href":"https:\/\/3bconnected.com\/es\/wp-json\/wp\/v2\/users\/145"}],"replies":[{"embeddable":true,"href":"https:\/\/3bconnected.com\/es\/wp-json\/wp\/v2\/comments?post=10356"}],"version-history":[{"count":5,"href":"https:\/\/3bconnected.com\/es\/wp-json\/wp\/v2\/posts\/10356\/revisions"}],"predecessor-version":[{"id":10439,"href":"https:\/\/3bconnected.com\/es\/wp-json\/wp\/v2\/posts\/10356\/revisions\/10439"}],"wp:featuredmedia":[{"embeddable":true,"href":"https:\/\/3bconnected.com\/es\/wp-json\/wp\/v2\/media\/10360"}],"wp:attachment":[{"href":"https:\/\/3bconnected.com\/es\/wp-json\/wp\/v2\/media?parent=10356"}],"wp:term":[{"taxonomy":"category","embeddable":true,"href":"https:\/\/3bconnected.com\/es\/wp-json\/wp\/v2\/categories?post=10356"},{"taxonomy":"post_tag","embeddable":true,"href":"https:\/\/3bconnected.com\/es\/wp-json\/wp\/v2\/tags?post=10356"}],"curies":[{"name":"wp","href":"https:\/\/api.w.org\/{rel}","templated":true}]}}