{"id":10220,"date":"2024-04-02T13:41:15","date_gmt":"2024-04-02T11:41:15","guid":{"rendered":"https:\/\/3bconnectedcom.eu2.copilhost.cloud\/?p=10220"},"modified":"2024-04-02T13:41:22","modified_gmt":"2024-04-02T11:41:22","slug":"el-poder-de-las-emociones","status":"publish","type":"post","link":"https:\/\/3bconnected.com\/es\/el-poder-de-las-emociones\/","title":{"rendered":"El poder de las emociones"},"content":{"rendered":"<h1 dir=\"ltr\" style=\"text-align: center;\">El poder de las emociones&nbsp;<\/h1>\n<h3 style=\"text-align: center;\">Comprender y gestionar nuestro <strong><\/strong>emociones.<\/h3>\n<p>Nos \u00e9motions sont l&#8217;essence m\u00eame de notre \u00eatre.<\/p>\n<p>Elles peuvent \u00eatre des forces puissantes qui fa\u00e7onnent notre fa\u00e7on de penser, d&#8217;agir et d&#8217;interagir avec les autres.<\/p>\n<p>Durante siglos, los fil\u00f3sofos han intentado comprender estas emociones y c\u00f3mo gestionarlas.<\/p>\n<\/p>\n<p>El gran fil\u00f3sofo Spinoza dijo:<\/p>\n<p><em>&#8220;l&#8217;\u00e9motion est la source principale de tout devenir conscient&#8221; <\/em><\/p>\n<p>Nous n&#8217;en sommes peut-\u00eatre pas toujours conscients, mais nos \u00e9motions nous informent en permanence sur ce qui se passe dans notre vie et sur la mani\u00e8re dont nous devons y r\u00e9pondre. C&#8217;est pourquoi il est si important de comprendre nos \u00e9motions.<\/p>\n<\/p>\n<p dir=\"ltr\" style=\"text-align: justify;\">Nos \u00e9motions ont un pouvoir immense sur nous capables de nous montrer le chemin et les d\u00e9cisions \u00e0 prendre. Elles nous permettent de comprendre ce qui nous motive, comment r\u00e9agissons aux personnes ou aux situations, et m\u00eame comment nous g\u00e9rons le stress ou les situations difficiles. Lorsque nous prenons conscience de nos sentiments et que nous leur permettons d&#8217;\u00eatre sans jugement, nous pouvons mieux nous conna\u00eetre et d\u00e9velopper des liens plus forts avec ceux qui nous entourent.<\/p>\n<p dir=\"ltr\" style=\"text-align: justify;\"><em><span style=\"text-decoration: underline;\"><strong>El factor motivador de nuestras emociones.<\/strong><\/span><\/em><\/p>\n<p dir=\"ltr\" style=\"text-align: justify;\">Pour comprendre pourquoi nous \u00e9prouvons certaines \u00e9motions, il est utile de reconna\u00eetre qu&#8217;elles sont souvent activ\u00e9es par un d\u00e9sir motiv\u00e9 par ces deux grandes racines :<\/p>\n<p dir=\"ltr\" style=\"text-align: center;\"><strong>MIEDO o AMOR<\/strong><\/p>\n<p><span style=\"\"><img decoding=\"async\" alt=\"\" data-id=\"10228\" width=\"267\" data-init-width=\"500\" height=\"267\" data-init-height=\"500\" title=\"Miedo-Amor\" loading=\"lazy\" src=\"http:\/\/3bconnected.com\/wp-content\/uploads\/2024\/03\/Peur-Amour.png\" data-width=\"267\" data-height=\"267\" style=\"aspect-ratio: auto 500 \/ 500;\" mt-d=\"-71\" ml-d=\"0\" center-v-d=\"true\"><\/span><\/p>\n<h2 dir=\"ltr\">Miedo<\/h2>\n<p dir=\"ltr\">C&#8217;est un <strong>sentimiento innato <\/strong>dentro de nosotros para mantener <strong>la supervivencia del mundo viviente, el miedo<\/strong> nos lleva a<strong> huir o luchar<\/strong> frente a un <strong>amenaza real. <\/strong><\/p>\n<p dir=\"ltr\">Por supuesto que s\u00f3lo hay un miedo, pero en el mundo en que vivimos hoy en d\u00eda, <strong>el miedo se divide en <\/strong><strong>2 categor\u00edas.<\/strong><\/p>\n<p dir=\"ltr\"><em><strong>Creo que es muy importante que todo el mundo sea consciente de ello y aprenda a distinguirlo.&nbsp;<\/strong>Lo contrario puede acarrear graves problemas. <\/em><\/p>\n<ul>\n<li dir=\"ltr\">\n<h3 style=\"text-align: justify;\"><strong>Miedo innato (natural)<\/strong><\/h3>\n<\/li>\n<\/ul>\n<p dir=\"ltr\" style=\"text-align: justify;\">C&#8217;est <strong><span style=\"text-decoration: underline;\">una emoci\u00f3n innata<\/span><\/strong> pour notre survie. Qui survient imm\u00e9diatement lorsque quelque chose de r\u00e9el nous semble mena\u00e7ant ou difficile, qu&#8217;il s&#8217;agit d&#8217;un sentiment d&#8217;ins\u00e9curit\u00e9 dans une relation, d&#8217;un entretien d&#8217;embauche ou face \u00e0 un tigre. <strong>El peligro es visible<\/strong> y en general, <strong>elle ne dure que le temps de l&#8217;\u00e9v\u00e9nement.<\/strong> &nbsp;<\/p>\n<p><span style=\"\"><img decoding=\"async\" alt=\"\" data-id=\"10295\" width=\"449\" data-init-width=\"6912\" height=\"225\" data-init-height=\"3456\" title=\"MIEDO5\" loading=\"lazy\" src=\"http:\/\/3bconnected.com\/wp-content\/uploads\/2024\/03\/PEUR5.png\" data-width=\"449\" data-height=\"225\" style=\"aspect-ratio: auto 6912 \/ 3456;\" ml-d=\"-95\" mt-d=\"0\" center-h-d=\"false\"><\/span><\/p>\n<p>\u25b8 <em>Por ejemplo:<\/em><\/p>\n<p>Si un tigre viene a por m\u00ed, en cuanto encuentro un escondite y me salvo, desaparece.&nbsp;<\/p>\n<ul>\n<li>\n<h3 style=\"text-align: justify;\"><strong>Miedo adquirido&nbsp;<\/strong><\/h3>\n<\/li>\n<\/ul>\n<p dir=\"ltr\" style=\"text-align: justify;\">C&#8217;est <strong><span style=\"text-decoration: underline;\">una emoci\u00f3n creada<\/span><\/strong> a trav\u00e9s de <strong>suposiciones\/sugestiones infundadas (ilusorias) de la mente:<\/strong><\/p>\n<ul>\n<li dir=\"ltr\" style=\"text-align: justify;\">\u00bfy si no puedo...?<\/li>\n<li dir=\"ltr\" style=\"text-align: justify;\">et s&#8217; il se moque de moi?<\/li>\n<li dir=\"ltr\" style=\"text-align: justify;\">\u00bfy si me hace da\u00f1o?<\/li>\n<li dir=\"ltr\" style=\"text-align: justify;\">...<\/li>\n<\/ul>\n<p><span style=\"\"><img decoding=\"async\" alt=\"\" data-id=\"10296\" width=\"469\" data-init-width=\"6912\" height=\"235\" data-init-height=\"3456\" title=\"MIEDO8\" loading=\"lazy\" src=\"http:\/\/3bconnected.com\/wp-content\/uploads\/2024\/03\/PEUR8.png\" data-width=\"469\" data-height=\"235\" style=\"aspect-ratio: auto 6912 \/ 3456;\" ml-d=\"-107\" mt-d=\"0\" center-h-d=\"false\"><\/span><\/p>\n<p style=\"text-align: justify;\">Aqu\u00ed, como acaban de ver, seg\u00fan <strong>d\u2019un doute ou d&#8217;un manque d\u2019information,<\/strong> vous allez vous poser une question qui est une pure fabrication du mental. En fonction de vos croyances, programmations mentales et personnalit\u00e9, l&#8217;intensit\u00e9 et l\u2019\u00e9motion de la peur s&#8217;est install\u00e9e .&nbsp;<\/p>\n<p dir=\"ltr\" style=\"text-align: justify;\">\u25b8 <span style=\"text-decoration: underline;\"><em>Por ejemplo:<\/em> <\/span><\/p>\n<p dir=\"ltr\" style=\"text-align: justify;\">Tomemos el caso de alguien que se infravalora o carece de confianza en s\u00ed mismo. No consiguen relacionarse con su pareja.<\/p>\n<p dir=\"ltr\" style=\"text-align: justify;\">Directamente, desarrollar\u00e1 pensamientos negativos que le har\u00e1n sentirse amenazada (que le enga\u00f1a, que le deja, que se enfada, que le miente, que le ha ocurrido un desastre...). Esto desencadena todo el proceso (programa) del miedo en el cuerpo de la A a la Z, lo cual es completamente perjudicial para la salud de nuestros sistemas inmunol\u00f3gico, psicol\u00f3gico, emocional y energ\u00e9tico. &nbsp;<\/p>\n<p dir=\"ltr\" style=\"text-align: justify;\">Por eso es importante ser consciente de este peque\u00f1o detalle que puede llevar a una persona a la ruina, <span style=\"color: rgb(228, 180, 65) !important;\"><a href=\"http:\/\/3bconnected.com\/es\/free-session\/\" style=\"outline: none;\"><span style=\"--tcb-applied-color: rgb(228, 180, 65) !important;\">para tomar las riendas de tu vida y no dejar que tu falta de autoestima, amor, confianza u otras heridas personales se apoderen del desarrollo de tu salud y bienestar.&nbsp;<\/span><\/a><\/span><\/p>\n<p><span><img decoding=\"async\" alt=\"\" data-id=\"10302\" width=\"650\" data-init-width=\"4919\" height=\"365\" data-init-height=\"2764\" title=\"9\" loading=\"lazy\" src=\"http:\/\/3bconnected.com\/wp-content\/uploads\/2024\/03\/9-e1711631557725.png\" data-width=\"650\" data-height=\"365\" style=\"aspect-ratio: auto 4919 \/ 2764;\"><\/span><\/p>\n<ul>\n<li dir=\"ltr\">\n<h3 style=\"text-align: justify;\"><strong>El mensaje del miedo:&nbsp;<\/strong><\/h3>\n<\/li>\n<\/ul>\n<p dir=\"ltr\" style=\"text-align: justify;\"><span style=\"text-decoration: underline;\">El miedo nos advierte de dos cosas:<\/span><\/p>\n<p dir=\"ltr\" style=\"text-align: justify;\">1- <strong><span style=\"text-decoration: underline;\">Te falta informaci\u00f3n:<\/span><\/strong><\/p>\n<p dir=\"ltr\" style=\"text-align: justify;\"><strong>Nuestra ignorancia de la verdad<\/strong>es lo que nos hace <strong>un sentiment d&#8217;ins\u00e9curit\u00e9<\/strong> pour nous pousser \u00e0 aller chercher la v\u00e9rit\u00e9 cach\u00e9e derri\u00e8re ce mal \u00eatre. C&#8217;est \u00e0 dire, <strong>juzgar algo<\/strong> que no es real sino <strong>una pura ilusi\u00f3n de la mente. <\/strong><\/p>\n<p dir=\"ltr\" style=\"text-align: justify;\">\u25b8 Si tomamos el ejemplo anterior, el mensaje podr\u00eda ser :<\/p>\n<ul>\n<li dir=\"ltr\" style=\"text-align: justify;\">No inventes pensamientos negativos si la informaci\u00f3n no es real\/confirmada.&nbsp;<\/li>\n<li dir=\"ltr\" style=\"text-align: justify;\">No emita juicios negativos sin conocer la verdad de la persona afectada.<\/li>\n<li dir=\"ltr\" style=\"text-align: justify;\">Comprueba la informaci\u00f3n.<\/li>\n<li dir=\"ltr\" style=\"text-align: justify;\">...<\/li>\n<\/ul>\n<p dir=\"ltr\" style=\"text-align: justify;\">2- <strong><span style=\"text-decoration: underline;\">Tienes informaci\u00f3n err\u00f3nea: <\/span><\/strong><\/p>\n<p dir=\"ltr\" style=\"text-align: justify;\">Tenemos <strong>miles y miles de creencias en nuestro cerebro<\/strong><strong>,<\/strong> sobre nosotros mismos, los dem\u00e1s y la vida. Aqu\u00ed, el mensaje es informarnos de que llevamos dentro <strong>informaci\u00f3n incorrecta<\/strong> sobre nosotros en los programas grabados en <strong>nuestro subconsciente <\/strong>y ha llegado el momento de cambiarlo para evitar <strong>este malestar emocional. <\/strong><\/p>\n<p dir=\"ltr\" style=\"text-align: justify;\">\u25b8&nbsp;<em><span style=\"text-decoration: underline;\">Por ejemplo:<\/span><\/em><\/p>\n<p dir=\"ltr\" style=\"text-align: justify;\">Supposons que pendant toute son enfance, des parents ont dit \u00e0 leur enfant pour le prot\u00e9ger bien s\u00fbr : \u201cSurtout ne parle pas aux inconnus\u201d. Cette croyance a servi \u00e0 le mettre en alerte en l\u2019absence des ses parents durant toute son enfance. Cela a bien fonctionn\u00e9, sauf qu&#8217;en devenant adulte, cette personne va se sentir mal \u00e0 l&#8217;aise, stress\u00e9e, les mains moites \u00e0 chaque fois qu\u2019elle va se confronter \u00e0 de nouvelles personnes, ou qu&#8217;un inconnu vient vers elle etc. Chose qui peut \u00eatre tr\u00e8s g\u00eanante en entretien ou simplement dans son quotidien car cela d\u00e9clenche le processus d&#8217;ins\u00e9curit\u00e9.<\/p>\n<p dir=\"ltr\" style=\"text-align: justify;\"><em>\u2348<\/em>&nbsp;<em><span style=\"text-decoration: underline;\">El mensaje:<\/span><\/em><span style=\"text-decoration: underline;\">&nbsp;<\/span><\/p>\n<p dir=\"ltr\" style=\"text-align: justify;\">La persona debe cambiar sus creencias sobre los extra\u00f1os, dejando de ser un ni\u00f1o indefenso para convertirse en un adulto responsable que sabe defenderse si es necesario. Debe recordar que su seguridad depende \u00fanicamente de s\u00ed mismo, de la confianza en s\u00ed mismo, y si no sabe c\u00f3mo hacerlo, no debe dudar en <span style=\"color: rgb(106, 107, 108) !important;\"><a href=\"http:\/\/3bconnected.com\/es\/free-session\/\" style=\"outline: none;\"><span style=\"--tcb-applied-color: rgb(106, 107, 108) !important;\"> pedir ayuda<\/span><\/a><span style=\"--tcb-applied-color: rgb(106, 107, 108) !important;\">.<\/span><\/span><\/p>\n<p style=\"text-align: justify;\">Si le message n\u2019est pas compris et le changement n\u2019est pas appliqu\u00e9, la charge \u00e9motive va s&#8217;accentuer de plus en plus et peut aller jusqu&#8217;\u00e0 des crises de paniques, d\u2019angoisses,&#8230; qui peuvent induire \u00e0 un blocage \u00e9nerg\u00e9tique et physique. Cela poussera la personne \u00e0 se contenter de peu, ne pas affronter les d\u00e9fis de la vie, \u00e0 ne pas \u00e9voluer, s&#8217;abandonner \u00e0 la d\u00e9faite et finir par croire que la vie est dure, injuste\u2026 &nbsp;Sans parler des d\u00e9g\u00e2ts caus\u00e9s sur la sant\u00e9 (baisse du moral, fatigue, tristesse, sentiment d\u2019impuissance, procrastination, manque de confiance, d\u2019estime, affaiblissement du syst\u00e8me immunitaire..).<\/p>\n<p style=\"text-align: justify;\">\u2764\ufe0e Si lo desea, puedo concertar una reuni\u00f3n con usted para hacer balance de sus preocupaciones, necesidades y objetivos.<em>(c&#8217;est sans engagement!).<\/em><\/p>\n<h2>Les \u00e9motions<\/h2>\n<p><strong>El deseo es una emoci\u00f3n <\/strong>qui survient lorsque quelque chose semble d\u00e9sirable, il peut s&#8217;agir de quelque chose de mat\u00e9riel comme une nouvelle voiture ou de quelque chose d&#8217;intangible comme l&#8217;amour ou la compagnie. <\/p>\n<p style=\"\">Al reconocer <strong>el factor motivador de tus emociones<\/strong> &#8211; <strong><span style=\"--tcb-applied-color: rgb(228, 180, 65) !important; color: rgb(228, 180, 65) !important;\">miedo o deseo<\/span><\/strong> &#8211; vous pouvez commencer \u00e0 d\u00e9couvrir vos v\u00e9ritables motivations dans la vie.&nbsp;<\/p>\n<p><strong>Gestiona tus emociones.<\/strong><\/p>\n<p>Una vez que haya <strong>tome conciencia de sus emociones<\/strong> y su causa ra\u00edz, puede empezar a <strong>gestionarlos con mayor eficacia. <\/strong><\/p>\n<p>Las lecciones de <em>Louise Hay <\/em>sur l&#8217;amour de soi soulignent l&#8217;importance de s&#8217;aimer inconditionnellement afin d&#8217;avoir la force n\u00e9cessaire pour g\u00e9rer ses propres \u00e9motions.&nbsp;<\/p>\n<p><em>Spinoza<\/em> tambi\u00e9n cre\u00eda que <strong>comprender las propias emociones<\/strong> era una forma de <strong>encontrar la paz interior.<\/strong> Il affirme qu&#8217;en comprenant pourquoi on ressent certaines choses, on peut se lib\u00e9rer des sch\u00e9mas de pens\u00e9e n\u00e9gatifs et en cr\u00e9er de plus positifs. Conclusion : La compr\u00e9hension de nos \u00e9motions est essentielle \u00e0 la croissance et au d\u00e9veloppement personnels, car elles nous permettent de mieux nous conna\u00eetre \u00e0 un niveau plus profond que jamais. Reconna\u00eetre ce qui nous motive &#8211; qu&#8217;il s&#8217;agisse de la peur ou du d\u00e9sir &#8211; et apprendre \u00e0 g\u00e9rer nos \u00e9motions sont des \u00e9tapes cl\u00e9s pour mieux ma\u00eetriser notre vie et trouver la paix int\u00e9rieure. Avec la pratique vient le progr\u00e8s &#8211; alors essayez d&#8217;explorer vos sentiments chaque jour !<\/p>\n<\/p>\n<h2>L&#8217;amour:<\/h2>\n<p><span style=\"\"><img decoding=\"async\" alt=\"\" data-id=\"10233\" width=\"650\" data-init-width=\"4930\" height=\"366\" data-init-height=\"2776\" title=\"2\" loading=\"lazy\" src=\"http:\/\/3bconnected.com\/wp-content\/uploads\/2024\/03\/2-e1711628676283.png\" data-width=\"650\" data-height=\"366\" style=\"aspect-ratio: auto 4930 \/ 2776;\" mt-d=\"-27\" ml-d=\"0\" center-v-d=\"true\"><\/span><\/p>\n<p style=\"text-align: justify;\">Una forma de comprender mejor nuestras emociones es <strong>practica la atenci\u00f3n plena,<\/strong> como la meditaci\u00f3n o<strong> la tenue d&#8217;un journal. <\/strong><\/p>\n<p style=\"text-align: justify;\">Lorsque nous prenons le temps d&#8217;\u00eatre attentifs, nous pouvons observer ce qui se passe en nous sans jugement ni attachement. Cela nous aide \u00e0 mieux comprendre pourquoi certaines \u00e9motions se manifestent, ce qui peut ensuite conduire \u00e0 une plus grande conscience de soi et, en fin de compte, nous aider \u00e0 prendre des d\u00e9cisions plus r\u00e9fl\u00e9chies \u00e0 l&#8217;avenir.&nbsp;<\/p>\n<p style=\"text-align: justify;\">Une plus grande prise de conscience s&#8217;accompagne d&#8217;une plus grande <strong>capacidad de amar<\/strong> &#8211; \u00e0 la fois pour nous-m\u00eames et pour ceux qui nous entourent &#8211; ce qui permet une compr\u00e9hension encore plus profonde de qui <strong>lo que realmente somos en el fondo.<\/strong><\/p>\n<p style=\"text-align: center;\"><strong><span style=\"text-decoration: underline;\">Encontrar mi diario de gratitud<\/span><\/strong> pour vous aider \u00e0 prendre conscience de l&#8217;importance de la gratitude dans notre vie quotidienne.<\/p>\n<p style=\"text-align: center;\">Ce journal est un cahier de bord qui vous suivra toute une ann\u00e9e et vous permettra de d\u00e9velopper l&#8217;amour de soi et vivre dans la joie.<\/p>\n<p dir=\"ltr\">\n<h3 style=\"text-align: justify;\">Conclusi\u00f3n:&nbsp;<\/h3>\n<p style=\"text-align: justify;\"><strong>Nuestras emociones tienen un inmenso poder sobre nuestras vidas,<\/strong> elles peuvent fa\u00e7onner notre fa\u00e7on de penser, d&#8217;agir et d&#8217;interagir avec les personnes qui nous entourent.&nbsp;<\/p>\n<p style=\"text-align: justify;\">En prenant le temps de r\u00e9fl\u00e9chir chaque jour sur vous-m\u00eame et en vous inspirant de grands penseurs comme Louise Hay et Baruch Spinoza, vous pouvez mieux comprendre votre propre vie \u00e9motionnelle et prendre des d\u00e9cisions plus avis\u00e9es lorsque vous \u00eates confront\u00e9es \u00e0 des circonstances difficiles. <\/p>\n<p style=\"text-align: justify;\"><strong>Con este conocimiento viene el poder, el poder de entenderte mejor a ti mismo para que puedas vivir una vida m\u00e1s feliz, \u00a1llena de momentos \u00fatiles de alegr\u00eda! <\/strong><\/p>\n<p>\u200b<\/p>","protected":false},"excerpt":{"rendered":"<p>Le pouvoir des \u00e9motions&nbsp; Comprendre et g\u00e9rer nos \u00e9motions. Nos \u00e9motions sont l&#8217;essence m\u00eame de notre \u00eatre. Elles peuvent \u00eatre des forces puissantes qui fa\u00e7onnent notre fa\u00e7on de penser, d&#8217;agir et d&#8217;interagir avec les autres. Pendant des si\u00e8cles, les philosophes ont cherch\u00e9 \u00e0 comprendre ces \u00e9motions et \u00e0 savoir comment les g\u00e9rer. Le grand philosophe [&hellip;]<\/p>","protected":false},"author":145,"featured_media":10223,"comment_status":"open","ping_status":"open","sticky":false,"template":"","format":"standard","meta":{"footnotes":""},"categories":[133],"tags":[],"class_list":["post-10220","post","type-post","status-publish","format-standard","has-post-thumbnail","hentry","category-emotions","post-wrapper","thrv_wrapper"],"_links":{"self":[{"href":"https:\/\/3bconnected.com\/es\/wp-json\/wp\/v2\/posts\/10220","targetHints":{"allow":["GET"]}}],"collection":[{"href":"https:\/\/3bconnected.com\/es\/wp-json\/wp\/v2\/posts"}],"about":[{"href":"https:\/\/3bconnected.com\/es\/wp-json\/wp\/v2\/types\/post"}],"author":[{"embeddable":true,"href":"https:\/\/3bconnected.com\/es\/wp-json\/wp\/v2\/users\/145"}],"replies":[{"embeddable":true,"href":"https:\/\/3bconnected.com\/es\/wp-json\/wp\/v2\/comments?post=10220"}],"version-history":[{"count":5,"href":"https:\/\/3bconnected.com\/es\/wp-json\/wp\/v2\/posts\/10220\/revisions"}],"predecessor-version":[{"id":10310,"href":"https:\/\/3bconnected.com\/es\/wp-json\/wp\/v2\/posts\/10220\/revisions\/10310"}],"wp:featuredmedia":[{"embeddable":true,"href":"https:\/\/3bconnected.com\/es\/wp-json\/wp\/v2\/media\/10223"}],"wp:attachment":[{"href":"https:\/\/3bconnected.com\/es\/wp-json\/wp\/v2\/media?parent=10220"}],"wp:term":[{"taxonomy":"category","embeddable":true,"href":"https:\/\/3bconnected.com\/es\/wp-json\/wp\/v2\/categories?post=10220"},{"taxonomy":"post_tag","embeddable":true,"href":"https:\/\/3bconnected.com\/es\/wp-json\/wp\/v2\/tags?post=10220"}],"curies":[{"name":"wp","href":"https:\/\/api.w.org\/{rel}","templated":true}]}}